{"id":10972,"date":"2025-09-24T08:59:10","date_gmt":"2025-09-24T06:59:10","guid":{"rendered":"https:\/\/www.usaaccelerator.com\/?p=10972"},"modified":"2025-11-11T16:12:35","modified_gmt":"2025-11-11T15:12:35","slug":"usa-accelerator-welcomes-new-program-project-coordinator","status":"publish","type":"post","link":"https:\/\/www.usaaccelerator.com\/en\/usa-accelerator-welcomes-new-program-project-coordinator\/","title":{"rendered":"USA Accelerator Welcomes New Program &amp; Project Coordinator"},"content":{"rendered":"<p data-start=\"165\" data-end=\"645\">After some truly memorable years, we say goodbye to <strong>Edit Dukai<\/strong>, who played a key role in the USA Accelerator team. As lead organizer, she contributed greatly to the success of the Hungarian Summit and HungarianHub events, leaving a lasting mark with her creativity, dedication, and leadership. We are grateful for everything she has done and wish her the very best in her next chapter.<\/p>\n<p data-start=\"647\" data-end=\"1617\">At the same time, we are excited to welcome you <strong>Vikt\u00f3ria Kulman-Bundy as our new Program &amp; Project Coordinator<\/strong>. Her first connection to the US was through a Work and Travel program, and since then she has gained valuable experience in media, as well as in coordinating cultural and educational exchange programs. Most recently, she worked with the international recruitment team at Corvinus University in Budapest.<\/p>\n<p data-start=\"647\" data-end=\"1617\">Now based at the USA Accelerator office at Sz\u00e9chenyi Istv\u00e1n University&#039;s Innovation Park in Gy\u0151r, Vikt\u00f3ria will also be actively involved in the Hungarian Summit and HungarianHub programs. If you are interested in our initiatives, collaborations, or exchange opportunities, feel free to reach out to her <a href=\"\/en\/viktoria.bundy@usaaccelerator.com\/\">e-mail<\/a> guard <a href=\"https:\/\/www.linkedin.com\/in\/vikt%C3%B3ria-kulman-bundy-681922b6\/\">LinkedIn<\/a>\u2013 she will be happy to connect!<\/p>","protected":false},"excerpt":{"rendered":"<p>After some truly memorable years, we say farewell to Edit Dukai, who played a key role in the USA Accelerator team. As lead organizer, she contributed greatly to the success of the Hungarian Summit and HungarianHub events, leaving a lasting mark with her creativity, dedication, and leadership. We are grateful for everything she has done [...]<\/p>","protected":false},"author":1,"featured_media":10975,"comment_status":"closed","ping_status":"open","sticky":false,"template":"","format":"standard","meta":{"content-type":"","ngg_post_thumbnail":0,"footnotes":""},"categories":[101,71],"tags":[79,99,95],"class_list":["post-10972","post","type-post","status-publish","format-standard","has-post-thumbnail","hentry","category-gyor","category-hungary","tag-budapest","tag-gyor","tag-usaaccelerator"],"aioseo_notices":[],"yoast_head":"<!-- This site is optimized with the Yoast SEO plugin v26.5 - https:\/\/yoast.com\/wordpress\/plugins\/seo\/ -->\n<title>USA Accelerator Welcomes New Program &amp; Project Coordinator - USA Accelerator<\/title>\n<meta name=\"description\" content=\"Meet Vikt\u00f3ria Kulman-Bundy, the new USA Accelerator Program &amp; Project Coordinator in Gy\u0151r, continuing Edit Dukai\u2019s great work.\" \/>\n<meta name=\"robots\" content=\"index, follow, max-snippet:-1, max-image-preview:large, max-video-preview:-1\" \/>\n<link rel=\"canonical\" href=\"https:\/\/www.usaaccelerator.com\/en\/usa-accelerator-welcomes-new-program-project-coordinator\/\" \/>\n<meta property=\"og:locale\" content=\"en_US\" \/>\n<meta property=\"og:type\" content=\"article\" \/>\n<meta property=\"og:title\" content=\"USA Accelerator Welcomes New Program &amp; Project Coordinator - USA Accelerator\" \/>\n<meta property=\"og:description\" content=\"Meet Vikt\u00f3ria Kulman-Bundy, the new USA Accelerator Program &amp; Project Coordinator in Gy\u0151r, continuing Edit Dukai\u2019s great work.\" \/>\n<meta property=\"og:url\" content=\"https:\/\/www.usaaccelerator.com\/en\/usa-accelerator-welcomes-new-program-project-coordinator\/\" \/>\n<meta property=\"og:site_name\" content=\"USA Accelerator\" \/>\n<meta property=\"article:published_time\" content=\"2025-09-24T06:59:10+00:00\" \/>\n<meta property=\"article:modified_time\" content=\"2025-11-11T15:12:35+00:00\" \/>\n<meta property=\"og:image\" content=\"https:\/\/www.usaaccelerator.com\/wp-content\/uploads\/2025\/09\/UA-Blog-banner-1024x576.png\" \/>\n\t<meta property=\"og:image:width\" content=\"1024\" \/>\n\t<meta property=\"og:image:height\" content=\"576\" \/>\n\t<meta property=\"og:image:type\" content=\"image\/png\" \/>\n<meta name=\"author\" content=\"USA Accelerator\" \/>\n<meta name=\"twitter:card\" content=\"summary_large_image\" \/>\n<meta name=\"twitter:label1\" content=\"Written by\" \/>\n\t<meta name=\"twitter:data1\" content=\"USA Accelerator\" \/>\n\t<meta name=\"twitter:label2\" content=\"Est. reading time\" \/>\n\t<meta name=\"twitter:data2\" content=\"2 minutes\" \/>\n<script type=\"application\/ld+json\" class=\"yoast-schema-graph\">{\"@context\":\"https:\/\/schema.org\",\"@graph\":[{\"@type\":\"Article\",\"@id\":\"https:\/\/www.usaaccelerator.com\/usa-accelerator-welcomes-new-program-project-coordinator\/#article\",\"isPartOf\":{\"@id\":\"https:\/\/www.usaaccelerator.com\/usa-accelerator-welcomes-new-program-project-coordinator\/\"},\"author\":{\"name\":\"USA Accelerator\",\"@id\":\"https:\/\/www.usaaccelerator.com\/#\/schema\/person\/2db980e59aa4b6c15ee4f12a67296b8c\"},\"headline\":\"USA Accelerator Welcomes New Program &#038; Project Coordinator\",\"datePublished\":\"2025-09-24T06:59:10+00:00\",\"dateModified\":\"2025-11-11T15:12:35+00:00\",\"mainEntityOfPage\":{\"@id\":\"https:\/\/www.usaaccelerator.com\/usa-accelerator-welcomes-new-program-project-coordinator\/\"},\"wordCount\":200,\"publisher\":{\"@id\":\"https:\/\/www.usaaccelerator.com\/#organization\"},\"image\":{\"@id\":\"https:\/\/www.usaaccelerator.com\/usa-accelerator-welcomes-new-program-project-coordinator\/#primaryimage\"},\"thumbnailUrl\":\"https:\/\/www.usaaccelerator.com\/wp-content\/uploads\/2025\/09\/UA-Blog-banner.png\",\"keywords\":[\"Budapest\",\"Gy\u0151r\",\"USAAccelerator\"],\"articleSection\":[\"Gy\u0151r\",\"Hungary\"],\"inLanguage\":\"en-US\"},{\"@type\":\"WebPage\",\"@id\":\"https:\/\/www.usaaccelerator.com\/usa-accelerator-welcomes-new-program-project-coordinator\/\",\"url\":\"https:\/\/www.usaaccelerator.com\/usa-accelerator-welcomes-new-program-project-coordinator\/\",\"name\":\"USA Accelerator Welcomes New Program & Project Coordinator - USA Accelerator\",\"isPartOf\":{\"@id\":\"https:\/\/www.usaaccelerator.com\/#website\"},\"primaryImageOfPage\":{\"@id\":\"https:\/\/www.usaaccelerator.com\/usa-accelerator-welcomes-new-program-project-coordinator\/#primaryimage\"},\"image\":{\"@id\":\"https:\/\/www.usaaccelerator.com\/usa-accelerator-welcomes-new-program-project-coordinator\/#primaryimage\"},\"thumbnailUrl\":\"https:\/\/www.usaaccelerator.com\/wp-content\/uploads\/2025\/09\/UA-Blog-banner.png\",\"datePublished\":\"2025-09-24T06:59:10+00:00\",\"dateModified\":\"2025-11-11T15:12:35+00:00\",\"description\":\"Meet Vikt\u00f3ria Kulman-Bundy, the new USA Accelerator Program & Project Coordinator in Gy\u0151r, continuing Edit Dukai\u2019s great work.\",\"breadcrumb\":{\"@id\":\"https:\/\/www.usaaccelerator.com\/usa-accelerator-welcomes-new-program-project-coordinator\/#breadcrumb\"},\"inLanguage\":\"en-US\",\"potentialAction\":[{\"@type\":\"ReadAction\",\"target\":[\"https:\/\/www.usaaccelerator.com\/usa-accelerator-welcomes-new-program-project-coordinator\/\"]}]},{\"@type\":\"ImageObject\",\"inLanguage\":\"en-US\",\"@id\":\"https:\/\/www.usaaccelerator.com\/usa-accelerator-welcomes-new-program-project-coordinator\/#primaryimage\",\"url\":\"https:\/\/www.usaaccelerator.com\/wp-content\/uploads\/2025\/09\/UA-Blog-banner.png\",\"contentUrl\":\"https:\/\/www.usaaccelerator.com\/wp-content\/uploads\/2025\/09\/UA-Blog-banner.png\",\"width\":2240,\"height\":1260},{\"@type\":\"BreadcrumbList\",\"@id\":\"https:\/\/www.usaaccelerator.com\/usa-accelerator-welcomes-new-program-project-coordinator\/#breadcrumb\",\"itemListElement\":[{\"@type\":\"ListItem\",\"position\":1,\"name\":\"Kezd\u0151lap\",\"item\":\"https:\/\/www.usaaccelerator.com\/\"},{\"@type\":\"ListItem\",\"position\":2,\"name\":\"USA Accelerator Welcomes New Program &#038; Project Coordinator\"}]},{\"@type\":\"WebSite\",\"@id\":\"https:\/\/www.usaaccelerator.com\/#website\",\"url\":\"https:\/\/www.usaaccelerator.com\/\",\"name\":\"USA Accelerator\",\"description\":\"Aktu\u00e1lis\",\"publisher\":{\"@id\":\"https:\/\/www.usaaccelerator.com\/#organization\"},\"potentialAction\":[{\"@type\":\"SearchAction\",\"target\":{\"@type\":\"EntryPoint\",\"urlTemplate\":\"https:\/\/www.usaaccelerator.com\/?s={search_term_string}\"},\"query-input\":{\"@type\":\"PropertyValueSpecification\",\"valueRequired\":true,\"valueName\":\"search_term_string\"}}],\"inLanguage\":\"en-US\"},{\"@type\":\"Organization\",\"@id\":\"https:\/\/www.usaaccelerator.com\/#organization\",\"name\":\"USA Accelerator\",\"url\":\"https:\/\/www.usaaccelerator.com\/\",\"logo\":{\"@type\":\"ImageObject\",\"inLanguage\":\"en-US\",\"@id\":\"https:\/\/www.usaaccelerator.com\/#\/schema\/logo\/image\/\",\"url\":\"https:\/\/www.usaaccelerator.com\/wp-content\/uploads\/2023\/06\/cropped-ua_logo-2.png\",\"contentUrl\":\"https:\/\/www.usaaccelerator.com\/wp-content\/uploads\/2023\/06\/cropped-ua_logo-2.png\",\"width\":1478,\"height\":1415,\"caption\":\"USA Accelerator\"},\"image\":{\"@id\":\"https:\/\/www.usaaccelerator.com\/#\/schema\/logo\/image\/\"}},{\"@type\":\"Person\",\"@id\":\"https:\/\/www.usaaccelerator.com\/#\/schema\/person\/2db980e59aa4b6c15ee4f12a67296b8c\",\"name\":\"USA Accelerator\",\"image\":{\"@type\":\"ImageObject\",\"inLanguage\":\"en-US\",\"@id\":\"https:\/\/www.usaaccelerator.com\/#\/schema\/person\/image\/\",\"url\":\"https:\/\/secure.gravatar.com\/avatar\/ab0a30d5cb48fba76c1f0e63e68573a9c5a673695a7d2d96941e7242852f3681?s=96&d=mm&r=g\",\"contentUrl\":\"https:\/\/secure.gravatar.com\/avatar\/ab0a30d5cb48fba76c1f0e63e68573a9c5a673695a7d2d96941e7242852f3681?s=96&d=mm&r=g\",\"caption\":\"USA Accelerator\"},\"sameAs\":[\"http:\/\/www.usaaccelerator.com\"],\"url\":\"https:\/\/www.usaaccelerator.com\/en\/author\/usaaccelerator\/\"}]}<\/script>\n<!-- \/ Yoast SEO plugin. -->","yoast_head_json":{"title":"USA Accelerator Welcomes New Program & Project Coordinator - USA Accelerator","description":"Meet Vikt\u00f3ria Kulman-Bundy, the new USA Accelerator Program & Project Coordinator in Gy\u0151r, continuing Edit Dukai\u2019s great work.","robots":{"index":"index","follow":"follow","max-snippet":"max-snippet:-1","max-image-preview":"max-image-preview:large","max-video-preview":"max-video-preview:-1"},"canonical":"https:\/\/www.usaaccelerator.com\/en\/usa-accelerator-welcomes-new-program-project-coordinator\/","og_locale":"en_US","og_type":"article","og_title":"USA Accelerator Welcomes New Program & Project Coordinator - USA Accelerator","og_description":"Meet Vikt\u00f3ria Kulman-Bundy, the new USA Accelerator Program & Project Coordinator in Gy\u0151r, continuing Edit Dukai\u2019s great work.","og_url":"https:\/\/www.usaaccelerator.com\/en\/usa-accelerator-welcomes-new-program-project-coordinator\/","og_site_name":"USA Accelerator","article_published_time":"2025-09-24T06:59:10+00:00","article_modified_time":"2025-11-11T15:12:35+00:00","og_image":[{"width":1024,"height":576,"url":"https:\/\/www.usaaccelerator.com\/wp-content\/uploads\/2025\/09\/UA-Blog-banner-1024x576.png","type":"image\/png"}],"author":"USA Accelerator","twitter_card":"summary_large_image","twitter_misc":{"Written by":"USA Accelerator","Est. reading time":"2 minutes"},"schema":{"@context":"https:\/\/schema.org","@graph":[{"@type":"Article","@id":"https:\/\/www.usaaccelerator.com\/usa-accelerator-welcomes-new-program-project-coordinator\/#article","isPartOf":{"@id":"https:\/\/www.usaaccelerator.com\/usa-accelerator-welcomes-new-program-project-coordinator\/"},"author":{"name":"USA Accelerator","@id":"https:\/\/www.usaaccelerator.com\/#\/schema\/person\/2db980e59aa4b6c15ee4f12a67296b8c"},"headline":"USA Accelerator Welcomes New Program &#038; Project Coordinator","datePublished":"2025-09-24T06:59:10+00:00","dateModified":"2025-11-11T15:12:35+00:00","mainEntityOfPage":{"@id":"https:\/\/www.usaaccelerator.com\/usa-accelerator-welcomes-new-program-project-coordinator\/"},"wordCount":200,"publisher":{"@id":"https:\/\/www.usaaccelerator.com\/#organization"},"image":{"@id":"https:\/\/www.usaaccelerator.com\/usa-accelerator-welcomes-new-program-project-coordinator\/#primaryimage"},"thumbnailUrl":"https:\/\/www.usaaccelerator.com\/wp-content\/uploads\/2025\/09\/UA-Blog-banner.png","keywords":["Budapest","Gy\u0151r","USAAccelerator"],"articleSection":["Gy\u0151r","Hungary"],"inLanguage":"en-US"},{"@type":"WebPage","@id":"https:\/\/www.usaaccelerator.com\/usa-accelerator-welcomes-new-program-project-coordinator\/","url":"https:\/\/www.usaaccelerator.com\/usa-accelerator-welcomes-new-program-project-coordinator\/","name":"USA Accelerator Welcomes New Program & Project Coordinator - USA Accelerator","isPartOf":{"@id":"https:\/\/www.usaaccelerator.com\/#website"},"primaryImageOfPage":{"@id":"https:\/\/www.usaaccelerator.com\/usa-accelerator-welcomes-new-program-project-coordinator\/#primaryimage"},"image":{"@id":"https:\/\/www.usaaccelerator.com\/usa-accelerator-welcomes-new-program-project-coordinator\/#primaryimage"},"thumbnailUrl":"https:\/\/www.usaaccelerator.com\/wp-content\/uploads\/2025\/09\/UA-Blog-banner.png","datePublished":"2025-09-24T06:59:10+00:00","dateModified":"2025-11-11T15:12:35+00:00","description":"Meet Vikt\u00f3ria Kulman-Bundy, the new USA Accelerator Program & Project Coordinator in Gy\u0151r, continuing Edit Dukai\u2019s great work.","breadcrumb":{"@id":"https:\/\/www.usaaccelerator.com\/usa-accelerator-welcomes-new-program-project-coordinator\/#breadcrumb"},"inLanguage":"en-US","potentialAction":[{"@type":"ReadAction","target":["https:\/\/www.usaaccelerator.com\/usa-accelerator-welcomes-new-program-project-coordinator\/"]}]},{"@type":"ImageObject","inLanguage":"en-US","@id":"https:\/\/www.usaaccelerator.com\/usa-accelerator-welcomes-new-program-project-coordinator\/#primaryimage","url":"https:\/\/www.usaaccelerator.com\/wp-content\/uploads\/2025\/09\/UA-Blog-banner.png","contentUrl":"https:\/\/www.usaaccelerator.com\/wp-content\/uploads\/2025\/09\/UA-Blog-banner.png","width":2240,"height":1260},{"@type":"BreadcrumbList","@id":"https:\/\/www.usaaccelerator.com\/usa-accelerator-welcomes-new-program-project-coordinator\/#breadcrumb","itemListElement":[{"@type":"ListItem","position":1,"name":"Kezd\u0151lap","item":"https:\/\/www.usaaccelerator.com\/"},{"@type":"ListItem","position":2,"name":"USA Accelerator Welcomes New Program &#038; Project Coordinator"}]},{"@type":"WebSite","@id":"https:\/\/www.usaaccelerator.com\/#website","url":"https:\/\/www.usaaccelerator.com\/","name":"USA Accelerator","description":"Current","publisher":{"@id":"https:\/\/www.usaaccelerator.com\/#organization"},"potentialAction":[{"@type":"SearchAction","target":{"@type":"EntryPoint","urlTemplate":"https:\/\/www.usaaccelerator.com\/?s={search_term_string}"},"query-input":{"@type":"PropertyValueSpecification","valueRequired":true,"valueName":"search_term_string"}}],"inLanguage":"en-US"},{"@type":"Organization","@id":"https:\/\/www.usaaccelerator.com\/#organization","name":"USA Accelerator","url":"https:\/\/www.usaaccelerator.com\/","logo":{"@type":"ImageObject","inLanguage":"en-US","@id":"https:\/\/www.usaaccelerator.com\/#\/schema\/logo\/image\/","url":"https:\/\/www.usaaccelerator.com\/wp-content\/uploads\/2023\/06\/cropped-ua_logo-2.png","contentUrl":"https:\/\/www.usaaccelerator.com\/wp-content\/uploads\/2023\/06\/cropped-ua_logo-2.png","width":1478,"height":1415,"caption":"USA Accelerator"},"image":{"@id":"https:\/\/www.usaaccelerator.com\/#\/schema\/logo\/image\/"}},{"@type":"Person","@id":"https:\/\/www.usaaccelerator.com\/#\/schema\/person\/2db980e59aa4b6c15ee4f12a67296b8c","name":"USA Accelerator","image":{"@type":"ImageObject","inLanguage":"en-US","@id":"https:\/\/www.usaaccelerator.com\/#\/schema\/person\/image\/","url":"https:\/\/secure.gravatar.com\/avatar\/ab0a30d5cb48fba76c1f0e63e68573a9c5a673695a7d2d96941e7242852f3681?s=96&d=mm&r=g","contentUrl":"https:\/\/secure.gravatar.com\/avatar\/ab0a30d5cb48fba76c1f0e63e68573a9c5a673695a7d2d96941e7242852f3681?s=96&d=mm&r=g","caption":"USA Accelerator"},"sameAs":["http:\/\/www.usaaccelerator.com"],"url":"https:\/\/www.usaaccelerator.com\/en\/author\/usaaccelerator\/"}]}},"_links":{"self":[{"href":"https:\/\/www.usaaccelerator.com\/en\/wp-json\/wp\/v2\/posts\/10972","targetHints":{"allow":["GET"]}}],"collection":[{"href":"https:\/\/www.usaaccelerator.com\/en\/wp-json\/wp\/v2\/posts"}],"about":[{"href":"https:\/\/www.usaaccelerator.com\/en\/wp-json\/wp\/v2\/types\/post"}],"author":[{"embeddable":true,"href":"https:\/\/www.usaaccelerator.com\/en\/wp-json\/wp\/v2\/users\/1"}],"replies":[{"embeddable":true,"href":"https:\/\/www.usaaccelerator.com\/en\/wp-json\/wp\/v2\/comments?post=10972"}],"version-history":[{"count":8,"href":"https:\/\/www.usaaccelerator.com\/en\/wp-json\/wp\/v2\/posts\/10972\/revisions"}],"predecessor-version":[{"id":10981,"href":"https:\/\/www.usaaccelerator.com\/en\/wp-json\/wp\/v2\/posts\/10972\/revisions\/10981"}],"wp:featuredmedia":[{"embeddable":true,"href":"https:\/\/www.usaaccelerator.com\/en\/wp-json\/wp\/v2\/media\/10975"}],"wp:attachment":[{"href":"https:\/\/www.usaaccelerator.com\/en\/wp-json\/wp\/v2\/media?parent=10972"}],"wp:term":[{"taxonomy":"category","embeddable":true,"href":"https:\/\/www.usaaccelerator.com\/en\/wp-json\/wp\/v2\/categories?post=10972"},{"taxonomy":"post_tag","embeddable":true,"href":"https:\/\/www.usaaccelerator.com\/en\/wp-json\/wp\/v2\/tags?post=10972"}],"curies":[{"name":"wp","href":"https:\/\/api.w.org\/{rel}","templated":true}]}}